[{"@context":"https:\/\/schema.org\/","@type":"Article","@id":"https:\/\/www.eliosvos.cz\/podtrhnete-krasu-vasi-postavy\/#Article","mainEntityOfPage":"https:\/\/www.eliosvos.cz\/podtrhnete-krasu-vasi-postavy\/","headline":"Podtrhn\u011bte kr\u00e1su Va\u0161\u00ed postavy","name":"Podtrhn\u011bte kr\u00e1su Va\u0161\u00ed postavy","description":"D\u00e1msk\u00e9 bundy nab\u00edzen\u00e9 v na\u0161em internetov\u00e9m obchod\u011b Fedetex Ltd. skv\u011ble padnou ka\u017ed\u00e9 \u017een\u011b. Chcete se i v zimn\u00edm obdob\u00ed l\u00edbit a z\u00e1rove\u0148 se p\u0159\u00edjemn\u011b zah\u0159\u00e1t? Zvolte si jeden z model\u016f od n\u00e1s, ty se vyzna\u010duj\u00ed nesm\u00edrnou eleganc\u00ed s vylad\u011bn\u00edm do posledn\u00edho mal\u00e9ho detailu a z\u00e1rove\u0148 funk\u010dnost\u00ed. Maj\u00ed d\u016fmysln\u00e9 prvky, kter\u00e9 br\u00e1n\u00ed proti chladu a profouknut\u00ed. ... <a title=\"Podtrhn\u011bte kr\u00e1su Va\u0161\u00ed postavy\" class=\"read-more\" href=\"https:\/\/www.eliosvos.cz\/podtrhnete-krasu-vasi-postavy\/\">Read more<span class=\"screen-reader-text\">Podtrhn\u011bte kr\u00e1su Va\u0161\u00ed postavy<\/span><\/a>","datePublished":"2024-02-03","dateModified":"2024-02-03","author":{"@type":"Person","@id":"https:\/\/www.eliosvos.cz\/author\/#Person","name":"","url":"https:\/\/www.eliosvos.cz\/author\/","identifier":1,"image":{"@type":"ImageObject","@id":"https:\/\/secure.gravatar.com\/avatar\/c192bfd1262e8256fe3eac43754b6ece89624ea6667e488d9445cc2d04372644?s=96&d=mm&r=g","url":"https:\/\/secure.gravatar.com\/avatar\/c192bfd1262e8256fe3eac43754b6ece89624ea6667e488d9445cc2d04372644?s=96&d=mm&r=g","height":96,"width":96}},"publisher":{"@type":"Organization","name":"eliosvos.cz","logo":{"@type":"ImageObject","@id":"\/logo.png","url":"\/logo.png","width":600,"height":60}},"url":"https:\/\/www.eliosvos.cz\/podtrhnete-krasu-vasi-postavy\/","wordCount":172,"articleBody":"D\u00e1msk\u00e9 bundy nab\u00edzen\u00e9 v na\u0161em internetov\u00e9m obchod\u011b Fedetex Ltd. skv\u011ble padnou ka\u017ed\u00e9 \u017een\u011b. Chcete se i v zimn\u00edm obdob\u00ed l\u00edbit a z\u00e1rove\u0148 se p\u0159\u00edjemn\u011b zah\u0159\u00e1t? Zvolte si jeden z model\u016f od n\u00e1s, ty se vyzna\u010duj\u00ed nesm\u00edrnou eleganc\u00ed s vylad\u011bn\u00edm do posledn\u00edho mal\u00e9ho detailu a z\u00e1rove\u0148 funk\u010dnost\u00ed. Maj\u00ed d\u016fmysln\u00e9 prvky, kter\u00e9 br\u00e1n\u00ed proti chladu a profouknut\u00ed. Vyberte si tu, kter\u00e1 V\u00e1m bude nejl\u00e9pe pasovat, tabulka velikost\u00ed V\u00e1m jist\u011b pom\u016f\u017ee. Zbo\u017e\u00ed tak\u00e9 do 14ti dn\u00ed vym\u011b\u0148ujeme.To nejmodern\u011bj\u0161\u00ed oble\u010den\u00ed naleznete pouze u n\u00e1sHled\u00e1te-li obchod, ve kter\u00e9m byste se b\u011bhem mal\u00e9 chv\u00edle obl\u00e9kla od hlavy a\u017e k pat\u011b, otev\u0159ete si na\u0161e internetov\u00e9 str\u00e1nky. Zde nab\u00edz\u00edme v\u0161e, na co si jen vzpomenete. Bl\u00ed\u017e\u00ed se zima, proto si ur\u010dit\u011b po\u0159i\u010fte novou bundu. Ty od n\u00e1s jsou opravdu kr\u00e1sn\u00e9.                                                                                                                                                                                                                                                                                                                                                                                        4.2\/5 - (9 votes)        "},{"@context":"https:\/\/schema.org\/","@type":"BreadcrumbList","itemListElement":[{"@type":"ListItem","position":1,"name":"Podtrhn\u011bte kr\u00e1su Va\u0161\u00ed postavy","item":"https:\/\/www.eliosvos.cz\/podtrhnete-krasu-vasi-postavy\/#breadcrumbitem"}]}]