[{"@context":"https:\/\/schema.org\/","@type":"Article","@id":"https:\/\/www.eliosvos.cz\/kvalitni-mobil\/#Article","mainEntityOfPage":"https:\/\/www.eliosvos.cz\/kvalitni-mobil\/","headline":"Kvalitn\u00ed mobil","name":"Kvalitn\u00ed mobil","description":"Jak\u00e9 se v\u00e1m l\u00edb\u00ed typy mobiln\u00edch telefon\u016f? Pokud byste na tom byli jako j\u00e1, tak byste asi cht\u011bli ka\u017edou chvilku n\u011bjak\u00fd nov\u00fd mobiln\u00ed telefon. Nemyslete si o m\u011b, \u017ee jsem n\u011bjak\u00e1 vyb\u00edrav\u00e1 nebo velice n\u00e1ro\u010dn\u00e1 na styl a design mobilu. Tohle v\u016fbec nejsem. A mysl\u00edm si o sob\u011b, \u017ee pr\u00e1v\u011b v\u016fbec nejsem n\u00e1ro\u010dn\u00e1. Nejde mi ... <a title=\"Kvalitn\u00ed mobil\" class=\"read-more\" href=\"https:\/\/www.eliosvos.cz\/kvalitni-mobil\/\">Read more<span class=\"screen-reader-text\">Kvalitn\u00ed mobil<\/span><\/a>","datePublished":"2022-07-05","dateModified":"2023-06-06","author":{"@type":"Person","@id":"https:\/\/www.eliosvos.cz\/author\/#Person","name":"","url":"https:\/\/www.eliosvos.cz\/author\/","identifier":1,"image":{"@type":"ImageObject","@id":"https:\/\/secure.gravatar.com\/avatar\/c192bfd1262e8256fe3eac43754b6ece89624ea6667e488d9445cc2d04372644?s=96&d=mm&r=g","url":"https:\/\/secure.gravatar.com\/avatar\/c192bfd1262e8256fe3eac43754b6ece89624ea6667e488d9445cc2d04372644?s=96&d=mm&r=g","height":96,"width":96}},"publisher":{"@type":"Organization","name":"eliosvos.cz","logo":{"@type":"ImageObject","@id":"\/logo.png","url":"\/logo.png","width":600,"height":60}},"image":{"@type":"ImageObject","@id":"https:\/\/www.eliosvos.cz\/wp-content\/uploads\/smartphone-5231499_960_720_1.jpg","url":"https:\/\/www.eliosvos.cz\/wp-content\/uploads\/smartphone-5231499_960_720_1.jpg","height":0,"width":0},"url":"https:\/\/www.eliosvos.cz\/kvalitni-mobil\/","about":["Mobil"],"wordCount":454,"articleBody":"Jak\u00e9 se v\u00e1m l\u00edb\u00ed typy mobiln\u00edch telefon\u016f? Pokud byste na tom byli jako j\u00e1, tak byste asi cht\u011bli ka\u017edou chvilku n\u011bjak\u00fd nov\u00fd mobiln\u00ed telefon. Nemyslete si o m\u011b, \u017ee jsem n\u011bjak\u00e1 vyb\u00edrav\u00e1 nebo velice n\u00e1ro\u010dn\u00e1 na styl a design mobilu. Tohle v\u016fbec nejsem. A mysl\u00edm si o sob\u011b, \u017ee pr\u00e1v\u011b v\u016fbec nejsem n\u00e1ro\u010dn\u00e1. Nejde mi ani tak o cenu, nepot\u0159ebuji drah\u00e9 v\u011bci. Jenom\u017ee j\u00e1 m\u00e1m sp\u00ed\u0161e takovou sm\u016flu, \u017ee se mi l\u00edb\u00ed ty stylov\u00e9 a designov\u00e9 mobiln\u00ed telefony, kter\u00e9 bohu\u017eel v\u011bt\u0161inou stoj\u00ed taky hodn\u011b pen\u011bz. V\u017edycky m\u00e1m drah\u00fd mobil, ale na\u0161t\u011bst\u00ed si to mohu dovolit. Pen\u00edze na to m\u00e1m a vyd\u011bl\u00e1v\u00e1m si.A k hlavn\u00ed pr\u00e1ci m\u00e1m taky je\u0161t\u011b brig\u00e1du, kde si vyd\u011bl\u00e1v\u00e1m docela taky slu\u0161n\u00e9 pen\u00edze. Bav\u00ed m\u011b to, a tak jsem si \u0159ekla, \u017ee kdy\u017e m\u00e1m n\u011bjakou v\u00e1\u0161e\u0148 pro mobiln\u00ed telefony, tak si to taky u\u017eij i a nebudu se n\u011bjak v\u00edce omezovat. Pokud na to m\u00e1m pen\u00edze, a nemus\u00edm se n\u011bkde omezovat, tak si \u0161t\u011bst\u00ed a radost dop\u0159eji. Nav\u00edc taky m\u016fj mal\u00fd syn m\u00e1 r\u00e1d mobiln\u00ed telefon. Dala jsem mu tam taky GPS lok\u00e1tor, abych sv\u00e9 d\u00edt\u011b lehce na\u0161la, kdyby syn nep\u0159i\u0161el dom\u016f. Syn m\u00e1 toti\u017e ledvinku m\u00edsto bat\u016f\u017eku a v ledvince nos\u00ed pr\u00e1v\u011b mobiln\u00ed telefon, tak\u017ee se nemus\u00edm b\u00e1t, \u017ee by n\u011bkde sen vytrousil mobiln\u00ed telefon z kapsy u bundy. \u017de jsem r\u00e1da, \u017ee tohle se syn ch\u00e1pe a \u017ee mobil st\u00e1le nos\u00ed u sebe.A j\u00e1 jako m\u00e1ma, kter\u00e1 m\u00e1 jedno jedin\u00e9 d\u00edt\u011b, bych se zbl\u00e1znila, kdybych nev\u011bd\u011bla, kde moje d\u00edt\u011b se zrovna nach\u00e1z\u00ed, proto jsem r\u00e1da, \u017ee syn o tom v\u00ed, \u017ee ho m\u016f\u017eu d\u00edky mobilu neust\u00e1le sledovat a v\u011bd\u011bt, kde se\u00a0syn\u00a0pr\u00e1v\u011b nach\u00e1z\u00ed. A jak se\u00a0k\u00a0tomu stav\u00edte vy nebo co si o\u00a0tom mysl\u00edte\u00a0vy, \u017ee m\u00e1 m\u016fj syn v\u00a0telefonu\u00a0sledovac\u00ed\u00a0za\u0159\u00edzen\u00ed? Jen\u00a0chci\u00a0\u0159\u00edct, \u017ee syn o tom v\u00ed, \u017ee to m\u00e1 v mobilu. Syn to v\u00ed, je mu\u00a0teprve\u00a0\u0161est a let a\u00a0r\u00e1d\u00a0b\u011bh\u00e1 s\u00a0kamar\u00e1dy\u00a0na h\u0159i\u0161ti. Ale i\u00a0tak\u00a0jsme velmi\u00a0r\u00e1da, kdy\u017e v\u00edm v\u0161echno, co\u00a0kde\u00a0syn d\u011bl\u00e1 a jsem\u00a0r\u00e1da, \u017ee GPS lok\u00e1tor\u00a0v\u016fbec\u00a0u n\u00e1s existuje.\u00a0                                                                                                                                                                                                                                                                                                                                                                                        4.5\/5 - (12 votes)        "},{"@context":"https:\/\/schema.org\/","@type":"BreadcrumbList","itemListElement":[{"@type":"ListItem","position":1,"name":"Kvalitn\u00ed mobil","item":"https:\/\/www.eliosvos.cz\/kvalitni-mobil\/#breadcrumbitem"}]}]