{"@context":"https:\/\/schema.org\/","@type":"CollectionPage","@id":"https:\/\/www.eliosvos.cz\/dovolena\/#CollectionPage","headline":"Dovolen\u00e1 Category","description":"","url":"https:\/\/www.eliosvos.cz\/dovolena\/","hasPart":[{"@type":"Article","@id":"https:\/\/www.eliosvos.cz\/tesite-se-na-dovolenou\/","headline":"T\u011b\u0161\u00edte se na dovolenou?","url":"https:\/\/www.eliosvos.cz\/tesite-se-na-dovolenou\/","datePublished":"2022-10-22","dateModified":"2023-06-06","mainEntityOfPage":"https:\/\/www.eliosvos.cz\/tesite-se-na-dovolenou\/","author":{"@type":"Person","@id":"https:\/\/www.eliosvos.cz\/author\/#Person","name":"","url":"https:\/\/www.eliosvos.cz\/author\/","identifier":1,"image":{"@type":"ImageObject","@id":"https:\/\/secure.gravatar.com\/avatar\/c192bfd1262e8256fe3eac43754b6ece89624ea6667e488d9445cc2d04372644?s=96&d=mm&r=g","url":"https:\/\/secure.gravatar.com\/avatar\/c192bfd1262e8256fe3eac43754b6ece89624ea6667e488d9445cc2d04372644?s=96&d=mm&r=g","height":96,"width":96}},"publisher":{"@type":"Organization","name":"eliosvos.cz","logo":{"@type":"ImageObject","@id":"\/logo.png","url":"\/logo.png","width":600,"height":60}},"image":{"@type":"ImageObject","@id":"https:\/\/www.eliosvos.cz\/wp-content\/uploads\/woman-1822437_960_720_2.jpg","url":"https:\/\/www.eliosvos.cz\/wp-content\/uploads\/woman-1822437_960_720_2.jpg","height":0,"width":0},"keywords":null},{"@type":"Article","@id":"https:\/\/www.eliosvos.cz\/kempovani\/","headline":"Kempov\u00e1n\u00ed","url":"https:\/\/www.eliosvos.cz\/kempovani\/","datePublished":"2021-09-07","dateModified":"2023-06-06","mainEntityOfPage":"https:\/\/www.eliosvos.cz\/kempovani\/","author":{"@type":"Person","@id":"https:\/\/www.eliosvos.cz\/author\/#Person","name":"","url":"https:\/\/www.eliosvos.cz\/author\/","identifier":1,"image":{"@type":"ImageObject","@id":"https:\/\/secure.gravatar.com\/avatar\/c192bfd1262e8256fe3eac43754b6ece89624ea6667e488d9445cc2d04372644?s=96&d=mm&r=g","url":"https:\/\/secure.gravatar.com\/avatar\/c192bfd1262e8256fe3eac43754b6ece89624ea6667e488d9445cc2d04372644?s=96&d=mm&r=g","height":96,"width":96}},"publisher":{"@type":"Organization","name":"eliosvos.cz","logo":{"@type":"ImageObject","@id":"\/logo.png","url":"\/logo.png","width":600,"height":60}},"image":{"@type":"ImageObject","@id":"https:\/\/www.eliosvos.cz\/wp-content\/uploads\/stan_2.png","url":"https:\/\/www.eliosvos.cz\/wp-content\/uploads\/stan_2.png","height":0,"width":0},"keywords":null},{"@type":"Article","@id":"https:\/\/www.eliosvos.cz\/nejkrasnejsi-mista-v-evrope\/","headline":"Nejkr\u00e1sn\u011bj\u0161\u00ed m\u00edsta v Evrop\u011b","url":"https:\/\/www.eliosvos.cz\/nejkrasnejsi-mista-v-evrope\/","datePublished":"2019-11-02","dateModified":"2023-06-06","mainEntityOfPage":"https:\/\/www.eliosvos.cz\/nejkrasnejsi-mista-v-evrope\/","author":{"@type":"Person","@id":"https:\/\/www.eliosvos.cz\/author\/#Person","name":"","url":"https:\/\/www.eliosvos.cz\/author\/","identifier":1,"image":{"@type":"ImageObject","@id":"https:\/\/secure.gravatar.com\/avatar\/c192bfd1262e8256fe3eac43754b6ece89624ea6667e488d9445cc2d04372644?s=96&d=mm&r=g","url":"https:\/\/secure.gravatar.com\/avatar\/c192bfd1262e8256fe3eac43754b6ece89624ea6667e488d9445cc2d04372644?s=96&d=mm&r=g","height":96,"width":96}},"publisher":{"@type":"Organization","name":"eliosvos.cz","logo":{"@type":"ImageObject","@id":"\/logo.png","url":"\/logo.png","width":600,"height":60}},"image":{"@type":"ImageObject","@id":"https:\/\/www.eliosvos.cz\/wp-content\/uploads\/img_a359427_w3883_t1573380234.jpg","url":"https:\/\/www.eliosvos.cz\/wp-content\/uploads\/img_a359427_w3883_t1573380234.jpg","height":0,"width":0},"keywords":null}]}